{
    "legislatures": [], 
    "parliamentarians": [
        {
            "address": "TRAVESS\u00c3O LINHA 601, 600 METROS SENTIDO CEMIT\u00c9RIO", 
            "birthday": "1993-08-14", 
            "description": "<p><strong>BIOGRAFIA</strong></p>\r\n<p>Jos\u00e9 J\u00fanior Barros Da Silva, nasceu em 14 de agosto de 1993. \u00c9 filho de Jos\u00e9 L\u00facio Barros Da Silva e de Rosemar Gomes de Oliveira. Irm\u00e3o de Calebe Oliveira Barros, Gleiciane Oliveira da Silva e Fernanda Oliveira da Silva.</p>\r\n<p>\u00c9 formado em Ci\u00eancias Cont\u00e1beis pela Faculdade Unicentro de Jaru/RO. Jos\u00e9 J\u00fanior Barros Da Silva, \u00e9 conservador e membro da Igreja Evang\u00e9lica Assembleia de Deus.</p>\r\n<p>\u00c9 de fam\u00edlia tradicionalmente pol\u00edtica. Acompanhou os passos do pai, Jos\u00e9 L\u00facio Barros da Silva, que se elegeu Vereador em 1992, sendo reeleito nos idos de 1996 e 2000 respectivamente.</p>\r\n<p>Em 2004 foi um dos mais votados, contudo, devido legenda partid\u00e1ria n\u00e3o se reelegeu para o quarto mandato consecutivo. Com o afastamento do titular, tomou posse como Vereador, sendo novamente eleito no ano de 2008.</p>\r\n<p>A elei\u00e7\u00e3o de 2012 elegeu-se suplente, assumindo a cadeira por aproximadamente 2 anos. Em 2016 com uma expressiva vota\u00e7\u00e3o ficou como 1\u00b0 suplente e assumiu o cargo com o afastamento do titular, tornando-se o \u00fanico pol\u00edtico a ter assento na C\u00e2mara Municipal em todas as legislaturas.</p>\r\n<p>Jos\u00e9 J\u00fanior Barros Da Silva, filiado ao MDB, disputou a primeira elei\u00e7\u00e3o no ano de 2020, sendo eleito com 460 votos. Esse resultado, consagrou Jos\u00e9 J\u00fanior Barros Da Silva, como o Vereador mais votado em 15 de novembro do referido pleito, e o segundo mais votado da hist\u00f3ria das elei\u00e7\u00f5es municipais de Theobroma.</p>\r\n<p>Tomou posse em 1\u00b0 de Janeiro de 2021, e foi eleito pelos parlamentares, Vice-Presidente da C\u00e2mara Municipal para o Bi\u00eanio 2021 e 2022. Posteriormente, em nova elei\u00e7\u00e3o, elegeu-se 1\u00b0 Secret\u00e1rio para o Bi\u00eanio 2023 e 2024.</p>\r\n<p>Acumulou na C\u00e2mara Municipal as fun\u00e7\u00f5es de l\u00edder do MDB, relator da Comiss\u00e3o de Constitui\u00e7\u00e3o e Justi\u00e7a e relator da Comiss\u00e3o de Finan\u00e7as e Or\u00e7amento.</p>\r\n<p>Nas elei\u00e7\u00f5es de 2024, Jos\u00e9 J\u00fanior Barros da Silva, filiado ao PL - Partido Liberal, foi reeleito para o segundo mandato com 589 votos, se tornando o Vereador mais votado da hist\u00f3ria do munic\u00edpio de Theobroma. O parlamentar usa o nome pol\u00edtico: Z\u00e9 Barros J\u00fanior.</p>\r\n<p>Em 1\u00b0 de Janeiro de 2025, tomou posse para o novo mandato e foi eleito 1\u00b0 Secret\u00e1rio da Mesa Diretora para o Bi\u00eanio 2025-2026. Na composi\u00e7\u00e3o das comiss\u00f5es tem\u00e1ticas, exerce atualmente as fun\u00e7\u00f5es de Presidente da Comiss\u00e3o de Finan\u00e7as e Or\u00e7amento e de Membro da Comiss\u00e3o de Pol\u00edticas Gerais, respectivamente.</p>", 
            "email": "barrosjuniosilva12@gmail.com", 
            "full_name": "JOS\u00c9 JUNIOR BARROS DA SILVA", 
            "image": {
                "filename": "WhatsApp Image 2025-06-16 at 13.52.07.jpeg", 
                "size": 615284, 
                "uri": "https://www.theobroma.ro.leg.br/processo-legislativo/parlamentares/ze-barros-junior/@@downloads/WhatsApp Image 2025-06-16 at 13.52.07.jpeg"
            }, 
            "party_affiliation": [
                {
                    "date_affiliation": "2024-08-01", 
                    "date_disaffiliation": "", 
                    "party": "PL"
                }
            ], 
            "postal_code": "76866000", 
            "site": "", 
            "telephone": "(69) 99984-6988", 
            "title": "Z\u00e9 Barros J\u00fanior", 
            "uri": "https://www.theobroma.ro.leg.br/processo-legislativo/parlamentares/ze-barros-junior"
        }, 
        {
            "address": "Linha 603 Km 53, Vila Palmares, Theobroma-RO", 
            "birthday": "1981-07-01", 
            "description": "", 
            "email": "", 
            "full_name": "Lidualdo Alves de Souza", 
            "image": {
                "filename": "Lidualdo.jpg", 
                "size": 37014, 
                "uri": "https://www.theobroma.ro.leg.br/processo-legislativo/parlamentares/dudu-do-palmares/@@downloads/Lidualdo.jpg"
            }, 
            "party_affiliation": [
                {
                    "date_affiliation": "2024-02-01", 
                    "date_disaffiliation": "", 
                    "party": "PSD"
                }
            ], 
            "postal_code": "76866000", 
            "site": "", 
            "telephone": "69 35231059", 
            "title": "Dudu do Palmares", 
            "uri": "https://www.theobroma.ro.leg.br/processo-legislativo/parlamentares/dudu-do-palmares"
        }, 
        {
            "address": "Av. Presidente Dutra, setor 02, Theobroma", 
            "birthday": "1985-01-01", 
            "description": "", 
            "email": "", 
            "full_name": "Adelson Valter Correia", 
            "image": {
                "filename": "Adelson Correia.jpeg", 
                "size": 125707, 
                "uri": "https://www.theobroma.ro.leg.br/processo-legislativo/parlamentares/adelson-correia-dede/@@downloads/Adelson Correia.jpeg"
            }, 
            "party_affiliation": [
                {
                    "date_affiliation": "2024-02-01", 
                    "date_disaffiliation": "", 
                    "party": "Podemos"
                }
            ], 
            "postal_code": "76866-000", 
            "site": "instagram - https://www.instagram.com/prof.adelsoncorreia/profilecard/?igsh=MWFkZ2dqZnhlZDk2NA==", 
            "telephone": "69 35231059", 
            "title": "Adelson Correia (Ded\u00e9)", 
            "uri": "https://www.theobroma.ro.leg.br/processo-legislativo/parlamentares/adelson-correia-dede"
        }
    ]
}